{"id":363474,"date":"2023-06-02T12:10:39","date_gmt":"2023-06-02T10:10:39","guid":{"rendered":"https:\/\/www.exem.fr\/la-influencia-de-las-ondas-sobre-la-salud\/"},"modified":"2024-06-04T15:25:39","modified_gmt":"2024-06-04T13:25:39","slug":"la-influencia-de-las-ondas-sobre-la-salud","status":"publish","type":"post","link":"https:\/\/www.exem.fr\/es\/la-influencia-de-las-ondas-sobre-la-salud\/","title":{"rendered":"La influencia de las ondas sobre la salud"},"content":{"rendered":"\t\t<div data-elementor-type=\"wp-post\" data-elementor-id=\"363474\" class=\"elementor elementor-363474 elementor-32733\" data-elementor-post-type=\"post\">\n\t\t\t\t\t\t\t<div data-dce-background-color=\"#211f40\" data-dce-background-image-url=\"https:\/\/www.exem.fr\/wp-content\/uploads\/2023\/06\/impact-ondes-sante.jpeg\" class=\"elementor-element elementor-element-4bee0cd6 e-flex e-con-boxed e-con e-parent\" data-id=\"4bee0cd6\" data-element_type=\"container\" data-settings=\"{&quot;background_background&quot;:&quot;classic&quot;,&quot;content_width&quot;:&quot;boxed&quot;}\" data-core-v316-plus=\"true\">\n\t\t\t\t\t<div class=\"e-con-inner\">\n\t\t<div class=\"elementor-element elementor-element-11806dc0 e-flex e-con-boxed e-con e-child\" data-id=\"11806dc0\" data-element_type=\"container\" data-settings=\"{&quot;content_width&quot;:&quot;boxed&quot;}\">\n\t\t\t\t\t<div class=\"e-con-inner\">\n\t\t\t\t<div class=\"elementor-element elementor-element-3f4476b1 elementor-widget elementor-widget-heading\" data-id=\"3f4476b1\" data-element_type=\"widget\" data-widget_type=\"heading.default\">\n\t\t\t\t<div class=\"elementor-widget-container\">\n\t\t\t<h1 class=\"elementor-heading-title elementor-size-default\">La influencia de las ondas sobre la salud\n<\/h1>\t\t<\/div>\n\t\t\t\t<\/div>\n\t\t\t\t\t<\/div>\n\t\t\t\t<\/div>\n\t\t\t\t\t<\/div>\n\t\t\t\t<\/div>\n\t\t<div class=\"elementor-element elementor-element-13ede4d4 e-flex e-con-boxed e-con e-parent\" data-id=\"13ede4d4\" data-element_type=\"container\" data-settings=\"{&quot;content_width&quot;:&quot;boxed&quot;}\" data-core-v316-plus=\"true\">\n\t\t\t\t\t<div class=\"e-con-inner\">\n\t\t<div class=\"elementor-element elementor-element-26951f01 e-con-full e-flex e-con e-child\" data-id=\"26951f01\" data-element_type=\"container\" data-settings=\"{&quot;content_width&quot;:&quot;full&quot;}\">\n\t\t<div class=\"elementor-element elementor-element-7593fbf8 e-con-full e-flex e-con e-child\" data-id=\"7593fbf8\" data-element_type=\"container\" data-settings=\"{&quot;content_width&quot;:&quot;full&quot;}\">\n\t\t\t\t<div class=\"elementor-element elementor-element-223a2aa6 elementor-widget__width-auto elementor-widget elementor-widget-post-info\" data-id=\"223a2aa6\" data-element_type=\"widget\" data-widget_type=\"post-info.default\">\n\t\t\t\t<div class=\"elementor-widget-container\">\n\t\t\t\t\t<ul class=\"elementor-inline-items elementor-icon-list-items elementor-post-info\">\n\t\t\t\t\t\t\t\t<li class=\"elementor-icon-list-item elementor-repeater-item-b0f1a25 elementor-inline-item\" itemprop=\"datePublished\">\n\t\t\t\t\t\t\t\t\t\t\t\t\t<span class=\"elementor-icon-list-text elementor-post-info__item elementor-post-info__item--type-date\">\n\t\t\t\t\t\t\t\t\t\t02\/06\/2023\t\t\t\t\t<\/span>\n\t\t\t\t\t\t\t\t<\/li>\n\t\t\t\t<li class=\"elementor-icon-list-item elementor-repeater-item-8c9adc3 elementor-inline-item\" itemprop=\"about\">\n\t\t\t\t\t\t\t\t\t\t\t\t\t<span class=\"elementor-icon-list-text elementor-post-info__item elementor-post-info__item--type-terms\">\n\t\t\t\t\t\t\t\t\t\t<span class=\"elementor-post-info__terms-list\">\n\t\t\t\t<span class=\"elementor-post-info__terms-list-item\">Ondas &amp; Salud<\/span>, <span class=\"elementor-post-info__terms-list-item\">Salud medioambiental<\/span>\t\t\t\t<\/span>\n\t\t\t\t\t<\/span>\n\t\t\t\t\t\t\t\t<\/li>\n\t\t\t\t<\/ul>\n\t\t\t\t<\/div>\n\t\t\t\t<\/div>\n\t\t\t\t<\/div>\n\t\t<div class=\"elementor-element elementor-element-3ea754ce e-con-full e-flex e-con e-child\" data-id=\"3ea754ce\" data-element_type=\"container\" data-settings=\"{&quot;content_width&quot;:&quot;full&quot;}\">\n\t\t\t\t<div class=\"elementor-element elementor-element-35620230 elementor-widget elementor-widget-heading\" data-id=\"35620230\" data-element_type=\"widget\" data-widget_type=\"heading.default\">\n\t\t\t\t<div class=\"elementor-widget-container\">\n\t\t\t<span class=\"elementor-heading-title elementor-size-default\">Compartir el art\u00edculo <\/span>\t\t<\/div>\n\t\t\t\t<\/div>\n\t\t\t\t<div class=\"elementor-element elementor-element-5399baf3 elementor-share-buttons--view-icon elementor-share-buttons--skin-minimal elementor-share-buttons--color-custom elementor-share-buttons--shape-square elementor-grid-0 elementor-widget elementor-widget-share-buttons\" data-id=\"5399baf3\" data-element_type=\"widget\" data-widget_type=\"share-buttons.default\">\n\t\t\t\t<div class=\"elementor-widget-container\">\n\t\t\t\t\t<div class=\"elementor-grid\">\n\t\t\t\t\t\t\t\t<div class=\"elementor-grid-item\">\n\t\t\t\t\t\t<div\n\t\t\t\t\t\t\tclass=\"elementor-share-btn elementor-share-btn_facebook\"\n\t\t\t\t\t\t\trole=\"button\"\n\t\t\t\t\t\t\ttabindex=\"0\"\n\t\t\t\t\t\t\taria-label=\"Compartir en facebook\"\n\t\t\t\t\t\t>\n\t\t\t\t\t\t\t\t\t\t\t\t\t\t\t<span class=\"elementor-share-btn__icon\">\n\t\t\t\t\t\t\t\t<i class=\"fab fa-facebook\" aria-hidden=\"true\"><\/i>\t\t\t\t\t\t\t<\/span>\n\t\t\t\t\t\t\t\t\t\t\t\t\t\t\t\t\t\t\t\t<\/div>\n\t\t\t\t\t<\/div>\n\t\t\t\t\t\t\t\t\t<div class=\"elementor-grid-item\">\n\t\t\t\t\t\t<div\n\t\t\t\t\t\t\tclass=\"elementor-share-btn elementor-share-btn_twitter\"\n\t\t\t\t\t\t\trole=\"button\"\n\t\t\t\t\t\t\ttabindex=\"0\"\n\t\t\t\t\t\t\taria-label=\"Compartir en twitter\"\n\t\t\t\t\t\t>\n\t\t\t\t\t\t\t\t\t\t\t\t\t\t\t<span class=\"elementor-share-btn__icon\">\n\t\t\t\t\t\t\t\t<i class=\"fab fa-twitter\" aria-hidden=\"true\"><\/i>\t\t\t\t\t\t\t<\/span>\n\t\t\t\t\t\t\t\t\t\t\t\t\t\t\t\t\t\t\t\t<\/div>\n\t\t\t\t\t<\/div>\n\t\t\t\t\t\t\t\t\t<div class=\"elementor-grid-item\">\n\t\t\t\t\t\t<div\n\t\t\t\t\t\t\tclass=\"elementor-share-btn elementor-share-btn_linkedin\"\n\t\t\t\t\t\t\trole=\"button\"\n\t\t\t\t\t\t\ttabindex=\"0\"\n\t\t\t\t\t\t\taria-label=\"Compartir en linkedin\"\n\t\t\t\t\t\t>\n\t\t\t\t\t\t\t\t\t\t\t\t\t\t\t<span class=\"elementor-share-btn__icon\">\n\t\t\t\t\t\t\t\t<i class=\"fab fa-linkedin\" aria-hidden=\"true\"><\/i>\t\t\t\t\t\t\t<\/span>\n\t\t\t\t\t\t\t\t\t\t\t\t\t\t\t\t\t\t\t\t<\/div>\n\t\t\t\t\t<\/div>\n\t\t\t\t\t\t\t\t\t<div class=\"elementor-grid-item\">\n\t\t\t\t\t\t<div\n\t\t\t\t\t\t\tclass=\"elementor-share-btn elementor-share-btn_email\"\n\t\t\t\t\t\t\trole=\"button\"\n\t\t\t\t\t\t\ttabindex=\"0\"\n\t\t\t\t\t\t\taria-label=\"Compartir en email\"\n\t\t\t\t\t\t>\n\t\t\t\t\t\t\t\t\t\t\t\t\t\t\t<span class=\"elementor-share-btn__icon\">\n\t\t\t\t\t\t\t\t<i class=\"fas fa-envelope\" aria-hidden=\"true\"><\/i>\t\t\t\t\t\t\t<\/span>\n\t\t\t\t\t\t\t\t\t\t\t\t\t\t\t\t\t\t\t\t<\/div>\n\t\t\t\t\t<\/div>\n\t\t\t\t\t\t<\/div>\n\t\t\t\t<\/div>\n\t\t\t\t<\/div>\n\t\t\t\t<\/div>\n\t\t\t\t<\/div>\n\t\t<div class=\"elementor-element elementor-element-7510c4af e-flex e-con-boxed e-con e-child\" data-id=\"7510c4af\" data-element_type=\"container\" data-settings=\"{&quot;content_width&quot;:&quot;boxed&quot;}\">\n\t\t\t\t\t<div class=\"e-con-inner\">\n\t\t<div class=\"elementor-element elementor-element-6cad3cb2 e-con-full e-flex e-con e-child\" data-id=\"6cad3cb2\" data-element_type=\"container\" data-settings=\"{&quot;content_width&quot;:&quot;full&quot;}\">\n\t\t\t\t<div class=\"elementor-element elementor-element-1e580abc elementor-widget elementor-widget-text-editor\" data-id=\"1e580abc\" data-element_type=\"widget\" data-widget_type=\"text-editor.default\">\n\t\t\t\t<div class=\"elementor-widget-container\">\n\t\t\t\t\t\t\t<p>En nuestro mundo cada vez m\u00e1s conectado, las tecnolog\u00edas modernas, como los tel\u00e9fonos m\u00f3viles, las redes inal\u00e1mbricas y los dispositivos electr\u00f3nicos, se han vuelto omnipresentes. Sin embargo, hay una cuesti\u00f3n cada vez m\u00e1s preocupante. \u00bfQu\u00e9 impacto tienen estas ondas electromagn\u00e9ticas en nuestra salud? En una \u00e9poca en la que estamos constantemente rodeados de emisiones de ondas procedentes de diversas fuentes, es esencial comprender los efectos potenciales de esta exposici\u00f3n sobre nuestro bienestar.<\/p>\n\n\n\n<p>El debate sobre la influencia de las ondas sobre la salud es complejo y suscita opiniones divergentes. Por un lado, algunos <a href=\"https:\/\/www.inrs.fr\/risques\/champs-electromagnetiques\/effets-sante.html#:~:text=Sur%20la%20base%20de%20plusieurs,homme%20%C2%BB%20(groupe%202B).\">estudios<\/a> sugieren que la exposici\u00f3n prolongada a las ondas electromagn\u00e9ticas podr\u00eda estar asociada a efectos nocivos para nuestro organismo. Por otro lado, los organismos reguladores y de salud p\u00fablica han establecido <a href=\"https:\/\/www.radiofrequences.gouv.fr\/fixer-des-limites-d-exposition-a92.html#:~:text=La%20r%C3%A9glementation%20fran%C3%A7aise&amp;text=La%20valeur%20limite%20du%20DAS,la%20t%C3%AAte%20ou%20le%20tronc.\">l\u00edmites de exposici\u00f3n<\/a> que se consideran seguros.<\/p> \t\t\t\t\t\t<\/div>\n\t\t\t\t<\/div>\n\t\t\t\t<\/div>\n\t\t<div class=\"elementor-element elementor-element-70a0ce5d e-con-full e-flex e-con e-child\" data-id=\"70a0ce5d\" data-element_type=\"container\" data-settings=\"{&quot;content_width&quot;:&quot;full&quot;}\">\n\t\t\t\t<div class=\"elementor-element elementor-element-c8d827c dce_masking-none elementor-widget elementor-widget-image\" data-id=\"c8d827c\" data-element_type=\"widget\" data-widget_type=\"image.default\">\n\t\t\t\t<div class=\"elementor-widget-container\">\n\t\t\t\t\t\t\t\t\t\t\t\t\t\t\t<img decoding=\"async\" width=\"800\" height=\"534\" src=\"https:\/\/www.exem.fr\/wp-content\/uploads\/2023\/06\/impact-ondes-sante-1024x683.jpeg\" class=\"attachment-large size-large wp-image-47326\" alt=\"impact ondes sante\" srcset=\"https:\/\/www.exem.fr\/wp-content\/uploads\/2023\/06\/impact-ondes-sante-1024x683.jpeg 1024w, https:\/\/www.exem.fr\/wp-content\/uploads\/2023\/06\/impact-ondes-sante-300x200.jpeg 300w, https:\/\/www.exem.fr\/wp-content\/uploads\/2023\/06\/impact-ondes-sante-768x512.jpeg 768w, https:\/\/www.exem.fr\/wp-content\/uploads\/2023\/06\/impact-ondes-sante-1536x1024.jpeg 1536w, https:\/\/www.exem.fr\/wp-content\/uploads\/2023\/06\/impact-ondes-sante-2048x1366.jpeg 2048w\" sizes=\"(max-width: 800px) 100vw, 800px\" \/>\t\t\t\t\t\t\t\t\t\t\t\t\t\t\t<\/div>\n\t\t\t\t<\/div>\n\t\t\t\t<\/div>\n\t\t\t\t\t<\/div>\n\t\t\t\t<\/div>\n\t\t\t\t<div class=\"elementor-element elementor-element-1126b874 elementor-widget elementor-widget-heading\" data-id=\"1126b874\" data-element_type=\"widget\" data-widget_type=\"heading.default\">\n\t\t\t\t<div class=\"elementor-widget-container\">\n\t\t\t<h2 class=\"elementor-heading-title elementor-size-default\">Factores ambientales relacionados con las ondas y su impacto sobre la salud<\/h2>\t\t<\/div>\n\t\t\t\t<\/div>\n\t\t<div class=\"elementor-element elementor-element-b7e279e e-flex e-con-boxed e-con e-child\" data-id=\"b7e279e\" data-element_type=\"container\" data-settings=\"{&quot;content_width&quot;:&quot;boxed&quot;}\">\n\t\t\t\t\t<div class=\"e-con-inner\">\n\t\t\t\t<div class=\"elementor-element elementor-element-a15822d elementor-widget elementor-widget-text-editor\" data-id=\"a15822d\" data-element_type=\"widget\" data-widget_type=\"text-editor.default\">\n\t\t\t\t<div class=\"elementor-widget-container\">\n\t\t\t\t\t\t\t<p>Los factores ambientales relacionados con las ondas pueden tener un impacto significativo sobre la salud humana. A medida que nuestro mundo est\u00e1 cada vez m\u00e1s interconectado, la exposici\u00f3n a las <a href=\"https:\/\/www.exem.fr\/2023\/05\/29\/sources-ondes-electromagnetiques\/\" target=\"_blank\" rel=\"noopener\">ondas electromagn\u00e9ticas procedentes de diversas fuentes<\/a> tecnol\u00f3gicas suscita una creciente preocupaci\u00f3n por sus posibles efectos sobre nuestro bienestar y las consecuencias a largo plazo para nuestra salud.<\/p>\n\n<p>Estos factores ambientales relacionados con las ondas radioel\u00e9ctricas tambi\u00e9n suscitan preocupaci\u00f3n por los grupos m\u00e1s vulnerables de la poblaci\u00f3n, como los ni\u00f1os y las mujeres embarazadas. Debido a su continuo desarrollo, los ni\u00f1os pueden ser especialmente sensibles a los efectos de las ondas electromagn\u00e9ticas sobre su salud, debido a su menor tama\u00f1o corporal y al desarrollo de su sistema inmunitario.<\/p>\t\t\t\t\t\t<\/div>\n\t\t\t\t<\/div>\n\t\t\t\t\t<\/div>\n\t\t\t\t<\/div>\n\t\t<div class=\"elementor-element elementor-element-636fac00 e-flex e-con-boxed e-con e-child\" data-id=\"636fac00\" data-element_type=\"container\" data-settings=\"{&quot;content_width&quot;:&quot;boxed&quot;}\">\n\t\t\t\t\t<div class=\"e-con-inner\">\n\t\t\t\t<div class=\"elementor-element elementor-element-200d4b6a elementor-widget elementor-widget-heading\" data-id=\"200d4b6a\" data-element_type=\"widget\" data-widget_type=\"heading.default\">\n\t\t\t\t<div class=\"elementor-widget-container\">\n\t\t\t<h3 class=\"elementor-heading-title elementor-size-default\">Factores f\u00edsicos<\/h3>\t\t<\/div>\n\t\t\t\t<\/div>\n\t\t\t\t\t<\/div>\n\t\t\t\t<\/div>\n\t\t<div class=\"elementor-element elementor-element-6293b279 e-flex e-con-boxed e-con e-child\" data-id=\"6293b279\" data-element_type=\"container\" data-settings=\"{&quot;content_width&quot;:&quot;boxed&quot;}\">\n\t\t\t\t\t<div class=\"e-con-inner\">\n\t\t\t\t<div class=\"elementor-element elementor-element-1946fbfb elementor-widget elementor-widget-text-editor\" data-id=\"1946fbfb\" data-element_type=\"widget\" data-widget_type=\"text-editor.default\">\n\t\t\t\t<div class=\"elementor-widget-container\">\n\t\t\t\t\t\t\t<p>Cuando una persona se expone a ondas electromagn\u00e9ticas, parte de la energ\u00eda de las ondas puede ser absorbida por los tejidos del cuerpo. Esta absorci\u00f3n de energ\u00eda puede provocar un ligero calentamiento de los tejidos.<\/p>\n\n\n\n<p>A niveles muy altos de exposici\u00f3n, las ondas electromagn\u00e9ticas pueden provocar un calentamiento excesivo de los tejidos corporales, lo que puede tener efectos nocivos para la salud. Las ondas electromagn\u00e9ticas tambi\u00e9n pueden estimular los nervios y las c\u00e9lulas del cuerpo.<\/p>\n\n\n\n<p>Es importante se\u00f1alar que los niveles de exposici\u00f3n a las ondas electromagn\u00e9ticas de los dispositivos electr\u00f3nicos de uso com\u00fan suelen estar por debajo de los l\u00edmites de seguridad reglamentarios establecidos por los organismos sanitarios. Sin embargo, algunas personas pueden ser m\u00e1s sensibles y experimentar s\u00edntomas como dolores de cabeza, problemas para dormir o fatiga.<\/p>\t\t\t\t\t\t<\/div>\n\t\t\t\t<\/div>\n\t\t\t\t\t<\/div>\n\t\t\t\t<\/div>\n\t\t<div class=\"elementor-element elementor-element-12b74b9 e-flex e-con-boxed e-con e-child\" data-id=\"12b74b9\" data-element_type=\"container\" data-settings=\"{&quot;content_width&quot;:&quot;boxed&quot;}\">\n\t\t\t\t\t<div class=\"e-con-inner\">\n\t\t\t\t<div class=\"elementor-element elementor-element-4b5aca85 elementor-widget elementor-widget-heading\" data-id=\"4b5aca85\" data-element_type=\"widget\" data-widget_type=\"heading.default\">\n\t\t\t\t<div class=\"elementor-widget-container\">\n\t\t\t<h3 class=\"elementor-heading-title elementor-size-default\">Factores biol\u00f3gicos<\/h3>\t\t<\/div>\n\t\t\t\t<\/div>\n\t\t\t\t\t<\/div>\n\t\t\t\t<\/div>\n\t\t<div class=\"elementor-element elementor-element-89cbdcf e-flex e-con-boxed e-con e-child\" data-id=\"89cbdcf\" data-element_type=\"container\" data-settings=\"{&quot;content_width&quot;:&quot;boxed&quot;}\">\n\t\t\t\t\t<div class=\"e-con-inner\">\n\t\t\t\t<div class=\"elementor-element elementor-element-7ffda1ed elementor-widget elementor-widget-text-editor\" data-id=\"7ffda1ed\" data-element_type=\"widget\" data-widget_type=\"text-editor.default\">\n\t\t\t\t<div class=\"elementor-widget-container\">\n\t\t\t\t\t\t\t<p>Algunos estudios sugieren que la exposici\u00f3n prolongada a altos niveles de ondas electromagn\u00e9ticas puede tener efectos biol\u00f3gicos en los tejidos y c\u00e9lulas del organismo. Sin embargo, las pruebas cient\u00edficas actuales no son concluyentes y se sigue investigando para comprender mejor estos posibles efectos.<\/p>\n\n<p>Algunos factores biol\u00f3gicos son los cambios en la actividad cerebral, el sistema nervioso, el sistema inmunitario y el metabolismo. Se han realizado estudios para examinar los posibles efectos sobre el sue\u00f1o, la fertilidad, la funci\u00f3n cognitiva y otros aspectos de la salud humana.<\/p>\n\n<p>Existen normas y reglamentos para <a href=\"https:\/\/www.exem.fr\/es\/perfiles\/gestion-de-las-ondas-electromagneticas-en-el-domicilio-exem\/\" target=\"_blank\" rel=\"noopener\">limitar la exposici\u00f3n a las ondas electromagn\u00e9ticas<\/a> con el fin de mantener un nivel adecuado de seguridad. No obstante, siempre es aconsejable seguir las precauciones de uso recomendadas por los fabricantes de equipos electr\u00f3nicos y reducir la exposici\u00f3n siempre que sea posible, sobre todo en caso de exposici\u00f3n profesional o prolongada.<\/p>\t\t\t\t\t\t<\/div>\n\t\t\t\t<\/div>\n\t\t\t\t\t<\/div>\n\t\t\t\t<\/div>\n\t\t<div class=\"elementor-element elementor-element-298db22d e-flex e-con-boxed e-con e-child\" data-id=\"298db22d\" data-element_type=\"container\" data-settings=\"{&quot;content_width&quot;:&quot;boxed&quot;}\">\n\t\t\t\t\t<div class=\"e-con-inner\">\n\t\t\t\t<div class=\"elementor-element elementor-element-2d06bbe3 elementor-widget elementor-widget-heading\" data-id=\"2d06bbe3\" data-element_type=\"widget\" data-widget_type=\"heading.default\">\n\t\t\t\t<div class=\"elementor-widget-container\">\n\t\t\t<h3 class=\"elementor-heading-title elementor-size-default\">Factores sociales<\/h3>\t\t<\/div>\n\t\t\t\t<\/div>\n\t\t\t\t\t<\/div>\n\t\t\t\t<\/div>\n\t\t<div class=\"elementor-element elementor-element-2a180603 e-flex e-con-boxed e-con e-child\" data-id=\"2a180603\" data-element_type=\"container\" data-settings=\"{&quot;content_width&quot;:&quot;boxed&quot;}\">\n\t\t\t\t\t<div class=\"e-con-inner\">\n\t\t\t\t<div class=\"elementor-element elementor-element-8d84bd3 elementor-widget elementor-widget-text-editor\" data-id=\"8d84bd3\" data-element_type=\"widget\" data-widget_type=\"text-editor.default\">\n\t\t\t\t<div class=\"elementor-widget-container\">\n\t\t\t\t\t\t\t<p>La preocupaci\u00f3n por los posibles efectos sobre la salud puede influir en la percepci\u00f3n del riesgo por parte del p\u00fablico. Algunas personas pueden sentirse ansiosas o preocupadas por su exposici\u00f3n.<\/p>\n<p>Los factores sociales (preferencias personales, normas sociales, h\u00e1bitos) pueden influir en la frecuencia y duraci\u00f3n de la exposici\u00f3n a las ondas electromagn\u00e9ticas. El acceso a la tecnolog\u00eda puede variar en funci\u00f3n de la situaci\u00f3n socioecon\u00f3mica, la geograf\u00eda y la disponibilidad de infraestructuras.<\/p>\n<p>Esto puede provocar desigualdades en la exposici\u00f3n y disparidades sobre la salud. Es importante reconocer que los factores sociales pueden tener un impacto significativo en la percepci\u00f3n, aceptaci\u00f3n y comportamiento asociados a la exposici\u00f3n a las ondas electromagn\u00e9ticas, y que deben tenerse en cuenta en los debates y pol\u00edticas sobre este tema. <\/p>\t\t\t\t\t\t<\/div>\n\t\t\t\t<\/div>\n\t\t\t\t\t<\/div>\n\t\t\t\t<\/div>\n\t\t<div class=\"elementor-element elementor-element-f8cfa97 e-flex e-con-boxed e-con e-child\" data-id=\"f8cfa97\" data-element_type=\"container\" data-settings=\"{&quot;content_width&quot;:&quot;boxed&quot;}\">\n\t\t\t\t\t<div class=\"e-con-inner\">\n\t\t\t\t<div class=\"elementor-element elementor-element-ea277fd elementor-widget elementor-widget-heading\" data-id=\"ea277fd\" data-element_type=\"widget\" data-widget_type=\"heading.default\">\n\t\t\t\t<div class=\"elementor-widget-container\">\n\t\t\t<h3 class=\"elementor-heading-title elementor-size-default\">Factores psicosociales<\/h3>\t\t<\/div>\n\t\t\t\t<\/div>\n\t\t\t\t\t<\/div>\n\t\t\t\t<\/div>\n\t\t<div class=\"elementor-element elementor-element-503bc8f3 e-flex e-con-boxed e-con e-child\" data-id=\"503bc8f3\" data-element_type=\"container\" data-settings=\"{&quot;content_width&quot;:&quot;boxed&quot;}\">\n\t\t\t\t\t<div class=\"e-con-inner\">\n\t\t\t\t<div class=\"elementor-element elementor-element-2c6f98f4 elementor-widget elementor-widget-text-editor\" data-id=\"2c6f98f4\" data-element_type=\"widget\" data-widget_type=\"text-editor.default\">\n\t\t\t\t<div class=\"elementor-widget-container\">\n\t\t\t\t\t\t\t<p>Algunas personas pueden experimentar ansiedad o estr\u00e9s relacionados con su exposici\u00f3n. Esta preocupaci\u00f3n puede estar influida por las creencias individuales, la informaci\u00f3n de los medios de comunicaci\u00f3n o las opiniones sociales. Tambi\u00e9n existe el efecto nocebo. Se refiere a la posibilidad de que una exposici\u00f3n percibida o una preocupaci\u00f3n por las ondas electromagn\u00e9ticas pueda provocar s\u00edntomas negativos o un deterioro de la salud, incluso en ausencia de una exposici\u00f3n perjudicial real.<\/p>\n<p>Algunas personas pueden atribuir ciertos s\u00edntomas o dolencias a su exposici\u00f3n, aunque la relaci\u00f3n causal no se haya establecido cient\u00edficamente. Los factores psicosociales pueden desempe\u00f1ar un papel importante en la forma en que las personas perciben la exposici\u00f3n a las ondas electromagn\u00e9ticas y reaccionan ante ella. Sin embargo, es esencial diferenciar entre los efectos reales y mensurables de las ondas electromagn\u00e9ticas y las percepciones y reacciones subjetivas.<\/p>\t\t\t\t\t\t<\/div>\n\t\t\t\t<\/div>\n\t\t\t\t\t<\/div>\n\t\t\t\t<\/div>\n\t\t<div class=\"elementor-element elementor-element-d7bd4cf e-flex e-con-boxed e-con e-child\" data-id=\"d7bd4cf\" data-element_type=\"container\" data-settings=\"{&quot;content_width&quot;:&quot;boxed&quot;}\">\n\t\t\t\t\t<div class=\"e-con-inner\">\n\t\t\t\t<div class=\"elementor-element elementor-element-6c61cf5 elementor-widget elementor-widget-heading\" data-id=\"6c61cf5\" data-element_type=\"widget\" data-widget_type=\"heading.default\">\n\t\t\t\t<div class=\"elementor-widget-container\">\n\t\t\t<h3 class=\"elementor-heading-title elementor-size-default\">Factores est\u00e9ticos<\/h3>\t\t<\/div>\n\t\t\t\t<\/div>\n\t\t\t\t\t<\/div>\n\t\t\t\t<\/div>\n\t\t<div class=\"elementor-element elementor-element-c04b43b e-flex e-con-boxed e-con e-child\" data-id=\"c04b43b\" data-element_type=\"container\" data-settings=\"{&quot;content_width&quot;:&quot;boxed&quot;}\">\n\t\t\t\t\t<div class=\"e-con-inner\">\n\t\t\t\t<div class=\"elementor-element elementor-element-1ad5eee elementor-widget elementor-widget-text-editor\" data-id=\"1ad5eee\" data-element_type=\"widget\" data-widget_type=\"text-editor.default\">\n\t\t\t\t<div class=\"elementor-widget-container\">\n\t\t\t\t\t\t\t<p>Los factores est\u00e9ticos se refieren a la apariencia visual o est\u00e9tica de las infraestructuras de telecomunicaciones, como las estaciones base o los equipos asociados.<\/p>\n<p>Las preocupaciones est\u00e9ticas pueden tener repercusiones indirectas sobre la salud, principalmente relacionadas con el bienestar psicol\u00f3gico y el entorno vital m\u00e1s que con impactos fisiol\u00f3gicos directos. A algunas personas puede preocuparles el posible impacto est\u00e9tico sobre el valor de la propiedad o el entorno visual de su barrio.<\/p>\n<p>La est\u00e9tica de las ondas electromagn\u00e9ticas debe equilibrarse con la salud, la seguridad y la conectividad. Las decisiones relativas al emplazamiento y dise\u00f1o de las infraestructuras de telecomunicaciones deben tener en cuenta las necesidades y preocupaciones de las comunidades, garantizando al mismo tiempo el mantenimiento de unas normas de seguridad y rendimiento adecuadas.<\/p>\t\t\t\t\t\t<\/div>\n\t\t\t\t<\/div>\n\t\t\t\t\t<\/div>\n\t\t\t\t<\/div>\n\t\t\t\t<div class=\"elementor-element elementor-element-6b4ebde4 elementor-widget elementor-widget-heading\" data-id=\"6b4ebde4\" data-element_type=\"widget\" data-widget_type=\"heading.default\">\n\t\t\t\t<div class=\"elementor-widget-container\">\n\t\t\t<h2 class=\"elementor-heading-title elementor-size-default\">Conclusi\u00f3n<\/h2>\t\t<\/div>\n\t\t\t\t<\/div>\n\t\t<div class=\"elementor-element elementor-element-7bf7adb9 e-flex e-con-boxed e-con e-child\" data-id=\"7bf7adb9\" data-element_type=\"container\" data-settings=\"{&quot;content_width&quot;:&quot;boxed&quot;}\">\n\t\t\t\t\t<div class=\"e-con-inner\">\n\t\t\t\t<div class=\"elementor-element elementor-element-26a1dc69 elementor-widget elementor-widget-text-editor\" data-id=\"26a1dc69\" data-element_type=\"widget\" data-widget_type=\"text-editor.default\">\n\t\t\t\t<div class=\"elementor-widget-container\">\n\t\t\t\t\t\t\t<p>En un mundo en el que las tecnolog\u00edas inal\u00e1mbricas se han vuelto indispensables, es esencial encontrar un equilibrio entre el uso de estos dispositivos y la protecci\u00f3n de nuestra salud. Tener en cuenta los factores medioambientales asociados a las ondas radioel\u00e9ctricas a la hora de planificar y aplicar estrategias digitales es esencial para garantizar un uso responsable y minimizar los riesgos potenciales para nuestro bienestar.<\/p>\n<p>Es imperativo que los organismos de salud p\u00fablica, los responsables pol\u00edticos y las empresas colaboren para establecer normas de seguridad y protocolos de gesti\u00f3n adecuados para reducir la exposici\u00f3n a las ondas electromagn\u00e9ticas. Una mayor concienciaci\u00f3n p\u00fablica sobre las buenas pr\u00e1cticas en el uso de dispositivos inal\u00e1mbricos tambi\u00e9n puede contribuir a un uso m\u00e1s responsable e informado de la tecnolog\u00eda.<\/p>\n<p>En conclusi\u00f3n, los factores ambientales relacionados con las ondas radioel\u00e9ctricas pueden repercutir sobre la salud humana. Es crucial proseguir la investigaci\u00f3n cient\u00edfica en este \u00e1mbito para comprender mejor los posibles efectos de las ondas electromagn\u00e9ticas en nuestro bienestar. Si adoptamos un enfoque preventivo y aplicamos las medidas de protecci\u00f3n adecuadas, podremos aprovechar todas las ventajas de la tecnolog\u00eda y, al mismo tiempo, salvaguardar nuestra salud a largo plazo.<\/p>\t\t\t\t\t\t<\/div>\n\t\t\t\t<\/div>\n\t\t\t\t\t<\/div>\n\t\t\t\t<\/div>\n\t\t\t\t<div class=\"elementor-element elementor-element-51ca9177 elementor-widget elementor-widget-spacer\" data-id=\"51ca9177\" data-element_type=\"widget\" data-widget_type=\"spacer.default\">\n\t\t\t\t<div class=\"elementor-widget-container\">\n\t\t\t\t\t<div class=\"elementor-spacer\">\n\t\t\t<div class=\"elementor-spacer-inner\"><\/div>\n\t\t<\/div>\n\t\t\t\t<\/div>\n\t\t\t\t<\/div>\n\t\t\t\t\t<\/div>\n\t\t\t\t<\/div>\n\t\t<div class=\"elementor-element elementor-element-282d8c99 e-flex e-con-boxed e-con e-parent\" data-id=\"282d8c99\" data-element_type=\"container\" data-settings=\"{&quot;content_width&quot;:&quot;boxed&quot;}\" data-core-v316-plus=\"true\">\n\t\t\t\t\t<div class=\"e-con-inner\">\n\t\t\t\t<div class=\"elementor-element elementor-element-3321f6aa elementor-widget elementor-widget-heading\" data-id=\"3321f6aa\" data-element_type=\"widget\" data-widget_type=\"heading.default\">\n\t\t\t\t<div class=\"elementor-widget-container\">\n\t\t\t<h2 class=\"elementor-heading-title elementor-size-default\">ONDAS Y SALUD MEDIOAMBIENTAL<\/h2>\t\t<\/div>\n\t\t\t\t<\/div>\n\t\t\t\t<div class=\"elementor-element elementor-element-1f5f228d elementor-widget elementor-widget-heading\" data-id=\"1f5f228d\" data-element_type=\"widget\" data-widget_type=\"heading.default\">\n\t\t\t\t<div class=\"elementor-widget-container\">\n\t\t\t<h2 class=\"elementor-heading-title elementor-size-default\">Nuestros \u00faltimos art\u00edculos<\/h2>\t\t<\/div>\n\t\t\t\t<\/div>\n\t\t\t\t<div class=\"elementor-element elementor-element-67433eba elementor-widget elementor-widget-spacer\" data-id=\"67433eba\" data-element_type=\"widget\" data-widget_type=\"spacer.default\">\n\t\t\t\t<div class=\"elementor-widget-container\">\n\t\t\t\t\t<div class=\"elementor-spacer\">\n\t\t\t<div class=\"elementor-spacer-inner\"><\/div>\n\t\t<\/div>\n\t\t\t\t<\/div>\n\t\t\t\t<\/div>\n\t\t\t\t\t<\/div>\n\t\t\t\t<\/div>\n\t\t<div class=\"elementor-element elementor-element-500406cb e-flex e-con-boxed e-con e-parent\" data-id=\"500406cb\" data-element_type=\"container\" data-settings=\"{&quot;content_width&quot;:&quot;boxed&quot;}\" data-core-v316-plus=\"true\">\n\t\t\t\t\t<div class=\"e-con-inner\">\n\t\t\t\t<div class=\"elementor-element elementor-element-2ebf2065 elementor-widget elementor-widget-template\" data-id=\"2ebf2065\" data-element_type=\"widget\" data-widget_type=\"template.default\">\n\t\t\t\t<div class=\"elementor-widget-container\">\n\t\t\t\t\t<div class=\"elementor-template\">\n\t\t\t\t\t<footer data-elementor-type=\"section\" data-elementor-id=\"197791\" class=\"elementor elementor-197791 elementor-33891\" data-elementor-post-type=\"elementor_library\">\n\t\t\t\t\t\t\t\t<section class=\"elementor-section elementor-top-section elementor-element elementor-element-193bbb8d elementor-section-boxed elementor-section-height-default elementor-section-height-default\" data-id=\"193bbb8d\" data-element_type=\"section\">\n\t\t\t\t\t\t<div class=\"elementor-container elementor-column-gap-default\">\n\t\t\t\t\t<div data-dce-background-overlay-image-url=\"https:\/\/www.exem.fr\/wp-content\/uploads\/2023\/05\/transparence.png\" class=\"elementor-column elementor-col-100 elementor-top-column elementor-element elementor-element-2767685b\" data-id=\"2767685b\" data-element_type=\"column\" data-settings=\"{&quot;background_background&quot;:&quot;classic&quot;}\">\n\t\t\t<div class=\"elementor-widget-wrap elementor-element-populated\">\n\t\t\t\t\t<div class=\"elementor-background-overlay\"><\/div>\n\t\t\t\t\t\t\t\t<div class=\"elementor-element elementor-element-7980d2b5 elementor-widget elementor-widget-spacer\" data-id=\"7980d2b5\" data-element_type=\"widget\" data-widget_type=\"spacer.default\">\n\t\t\t\t<div class=\"elementor-widget-container\">\n\t\t\t\t\t<div class=\"elementor-spacer\">\n\t\t\t<div class=\"elementor-spacer-inner\"><\/div>\n\t\t<\/div>\n\t\t\t\t<\/div>\n\t\t\t\t<\/div>\n\t\t\t\t<div class=\"elementor-element elementor-element-bdccfac elementor-widget elementor-widget-heading\" data-id=\"bdccfac\" data-element_type=\"widget\" data-widget_type=\"heading.default\">\n\t\t\t\t<div class=\"elementor-widget-container\">\n\t\t\t<h4 class=\"elementor-heading-title elementor-size-default\">BOLET\u00cdN DE NOTICIAS<\/h4>\t\t<\/div>\n\t\t\t\t<\/div>\n\t\t\t\t<div class=\"elementor-element elementor-element-c281a1f elementor-widget elementor-widget-spacer\" data-id=\"c281a1f\" data-element_type=\"widget\" data-widget_type=\"spacer.default\">\n\t\t\t\t<div class=\"elementor-widget-container\">\n\t\t\t\t\t<div class=\"elementor-spacer\">\n\t\t\t<div class=\"elementor-spacer-inner\"><\/div>\n\t\t<\/div>\n\t\t\t\t<\/div>\n\t\t\t\t<\/div>\n\t\t\t\t<div class=\"elementor-element elementor-element-583e63da elementor-widget elementor-widget-heading\" data-id=\"583e63da\" data-element_type=\"widget\" data-widget_type=\"heading.default\">\n\t\t\t\t<div class=\"elementor-widget-container\">\n\t\t\t<h2 class=\"elementor-heading-title elementor-size-default\">Todo lo que necesita saber sobre las ondas electromagn\u00e9ticas, directamente en su buz\u00f3n de correo electr\u00f3nico<\/h2>\t\t<\/div>\n\t\t\t\t<\/div>\n\t\t\t\t<div class=\"elementor-element elementor-element-10d2f32d elementor-widget elementor-widget-spacer\" data-id=\"10d2f32d\" data-element_type=\"widget\" data-widget_type=\"spacer.default\">\n\t\t\t\t<div class=\"elementor-widget-container\">\n\t\t\t\t\t<div class=\"elementor-spacer\">\n\t\t\t<div class=\"elementor-spacer-inner\"><\/div>\n\t\t<\/div>\n\t\t\t\t<\/div>\n\t\t\t\t<\/div>\n\t\t\t\t<div class=\"elementor-element elementor-element-02b548d uael-gf-button-right uael-gf-input-size-xs uael-mobile-gf-button-center uael-gf-btn-size-md uael-gf-style-box elementor-widget elementor-widget-global elementor-global-195270 elementor-global-146067 elementor-widget-uael-gf-styler\" data-id=\"02b548d\" data-element_type=\"widget\" data-widget_type=\"uael-gf-styler.default\">\n\t\t\t\t<div class=\"elementor-widget-container\">\n\t\t\t<div class=\"uael-gf-style uael-gf-check-style elementor-clickable\">\n\t<script type=\"text\/javascript\">var gform;gform||(document.addEventListener(\"gform_main_scripts_loaded\",function(){gform.scriptsLoaded=!0}),window.addEventListener(\"DOMContentLoaded\",function(){gform.domLoaded=!0}),gform={domLoaded:!1,scriptsLoaded:!1,initializeOnLoaded:function(o){gform.domLoaded&&gform.scriptsLoaded?o():!gform.domLoaded&&gform.scriptsLoaded?window.addEventListener(\"DOMContentLoaded\",o):document.addEventListener(\"gform_main_scripts_loaded\",o)},hooks:{action:{},filter:{}},addAction:function(o,n,r,t){gform.addHook(\"action\",o,n,r,t)},addFilter:function(o,n,r,t){gform.addHook(\"filter\",o,n,r,t)},doAction:function(o){gform.doHook(\"action\",o,arguments)},applyFilters:function(o){return gform.doHook(\"filter\",o,arguments)},removeAction:function(o,n){gform.removeHook(\"action\",o,n)},removeFilter:function(o,n,r){gform.removeHook(\"filter\",o,n,r)},addHook:function(o,n,r,t,i){null==gform.hooks[o][n]&&(gform.hooks[o][n]=[]);var e=gform.hooks[o][n];null==i&&(i=n+\"_\"+e.length),gform.hooks[o][n].push({tag:i,callable:r,priority:t=null==t?10:t})},doHook:function(n,o,r){var t;if(r=Array.prototype.slice.call(r,1),null!=gform.hooks[n][o]&&((o=gform.hooks[n][o]).sort(function(o,n){return o.priority-n.priority}),o.forEach(function(o){\"function\"!=typeof(t=o.callable)&&(t=window[t]),\"action\"==n?t.apply(null,r):r[0]=t.apply(null,r)})),\"filter\"==n)return r[0]},removeHook:function(o,n,t,i){var r;null!=gform.hooks[o][n]&&(r=(r=gform.hooks[o][n]).filter(function(o,n,r){return!!(null!=i&&i!=o.tag||null!=t&&t!=o.priority)}),gform.hooks[o][n]=r)}});<\/script>\n                <div class='gf_browser_gecko gform_wrapper gravity-theme gform-theme--no-framework' data-form-theme='gravity-theme' data-form-index='0' id='gform_wrapper_13' style='display:none'>\n                        <div class='gform_heading'>\n\t\t\t\t\t\t\t<p class='gform_required_legend'>&quot;<span class=\"gfield_required gfield_required_asterisk\">*<\/span>&quot; se\u00f1ala los campos obligatorios<\/p>\n                        <\/div><form method='post' enctype='multipart\/form-data'  id='gform_13'  action='\/es\/wp-json\/wp\/v2\/posts\/363474' data-formid='13' novalidate>\n                        <div class='gform-body gform_body'><div id='gform_fields_13' class='gform_fields top_label form_sublabel_below description_above'><fieldset id=\"field_13_9\"  class=\"gfield gfield--type-name gfield--width-full gfield_contains_required field_sublabel_hidden_label gfield--no-description field_description_above hidden_label gfield_visibility_visible\"  data-js-reload=\"field_13_9\"><legend class='gfield_label gform-field-label gfield_label_before_complex'  >Apellido<span class=\"gfield_required\"><span class=\"gfield_required gfield_required_asterisk\">*<\/span><\/span><\/legend><div class='ginput_complex ginput_container ginput_container--name no_prefix has_first_name no_middle_name has_last_name no_suffix gf_name_has_2 ginput_container_name gform-grid-row' id='input_13_9'>\n                            \n                            <span id='input_13_9_3_container' class='name_first gform-grid-col gform-grid-col--size-auto' >\n                                                    <input type='text' name='input_9.3' id='input_13_9_3' value='' tabindex='2'  aria-required='true'   placeholder='Nombre'  \/>\n                                                    <label for='input_13_9_3' class='gform-field-label gform-field-label--type-sub hidden_sub_label screen-reader-text'>Nombre<\/label>\n                                                <\/span>\n                            \n                            <span id='input_13_9_6_container' class='name_last gform-grid-col gform-grid-col--size-auto' >\n                                                    <input type='text' name='input_9.6' id='input_13_9_6' value='' tabindex='4'  aria-required='true'   placeholder='Apellido'  \/>\n                                                    <label for='input_13_9_6' class='gform-field-label gform-field-label--type-sub hidden_sub_label screen-reader-text'>Apellidos<\/label>\n                                                <\/span>\n                            \n                        <\/div><\/fieldset><div id=\"field_13_3\"  class=\"gfield gfield--type-email gfield--width-half field_sublabel_below gfield--no-description field_description_above hidden_label gfield_visibility_visible\"  data-js-reload=\"field_13_3\"><label class='gfield_label gform-field-label' for='input_13_3' >Correo electr\u00f3nico<\/label><div class='ginput_container ginput_container_email'>\n                            <input name='input_3' id='input_13_3' type='email' value='' class='large' tabindex='6'  placeholder='Su correo electr\u00f3nico'  aria-invalid=\"false\"  \/>\n                        <\/div><\/div><div id=\"field_13_1\"  class=\"gfield gfield--type-select gfield--width-half gfield_contains_required field_sublabel_below gfield--no-description field_description_above hidden_label gfield_visibility_visible\"  data-js-reload=\"field_13_1\"><label class='gfield_label gform-field-label' for='input_13_1' >Inter\u00e9s<span class=\"gfield_required\"><span class=\"gfield_required gfield_required_asterisk\">*<\/span><\/span><\/label><div class='ginput_container ginput_container_select'><select name='input_1' id='input_13_1' class='large gfield_select' tabindex='7'   aria-required=\"true\" aria-invalid=\"false\" ><option value='' selected='selected' class='gf_placeholder'>Me interesa la gesti\u00f3n de las ondas...<\/option><option value='Newsletter Travailleurs' >en los sectores terciario e industrial<\/option><option value='Newsletter Collectivit\u00e9s' >en las autoridades locales<\/option><\/select><\/div><\/div><fieldset id=\"field_13_8\"  class=\"gfield gfield--type-consent gfield--type-choice gfield--input-type-consent gfield--width-full gfield_contains_required field_sublabel_below gfield--no-description field_description_above hidden_label gfield_visibility_visible\"  data-js-reload=\"field_13_8\"><legend class='gfield_label gform-field-label gfield_label_before_complex'  >RGPD<span class=\"gfield_required\"><span class=\"gfield_required gfield_required_asterisk\">*<\/span><\/span><\/legend><div class='ginput_container ginput_container_consent'><input name='input_8.1' id='input_13_8_1' type='checkbox' value='1' tabindex='8'  aria-required=\"true\" aria-invalid=\"false\"   \/> <label class=\"gform-field-label gform-field-label--type-inline gfield_consent_label\" for='input_13_8_1' >Al suscribirse al bolet\u00edn de noticias, acepta nuestra <a href=\"https:\/\/n83wwbdsgc.preview.infomaniak.website\/declaration-de-confidentialite-ue\/\" target=\"_blank\">pol\u00edtica de privacidad<\/a>.<span class=\"gfield_required gfield_required_asterisk\">*<\/span><\/label><input type='hidden' name='input_8.2' value='Al suscribirse al bolet\u00edn de noticias, acepta nuestra &lt;a href=&quot;https:\/\/n83wwbdsgc.preview.infomaniak.website\/declaration-de-confidentialite-ue\/&quot; target=&quot;_blank&quot;&gt;pol\u00edtica de privacidad&lt;\/a&gt;.' class='gform_hidden' \/><input type='hidden' name='input_8.3' value='13' class='gform_hidden' \/><\/div><\/fieldset><div id=\"field_13_10\"  class=\"gfield gfield--type-honeypot gform_validation_container field_sublabel_below gfield--has-description field_description_above gfield_visibility_visible\"  data-js-reload=\"field_13_10\"><label class='gfield_label gform-field-label' for='input_13_10' >Name<\/label><div class='gfield_description' id='gfield_description_13_10'>Este campo es un campo de validaci\u00f3n y debe quedar sin cambios.<\/div><div class='ginput_container'><input name='input_10' id='input_13_10' type='text' value='' autocomplete='new-password'\/><\/div><\/div><\/div><\/div>\n        <div class='gform_footer top_label'> <input type='submit' id='gform_submit_button_13' class='gform_button button gform-button--width-full' value='Recibir' tabindex='9' onclick='if(window[\"gf_submitting_13\"]){return false;}  if( !jQuery(\"#gform_13\")[0].checkValidity || jQuery(\"#gform_13\")[0].checkValidity()){window[\"gf_submitting_13\"]=true;}  ' onkeypress='if( event.keyCode == 13 ){ if(window[\"gf_submitting_13\"]){return false;} if( !jQuery(\"#gform_13\")[0].checkValidity || jQuery(\"#gform_13\")[0].checkValidity()){window[\"gf_submitting_13\"]=true;}  jQuery(\"#gform_13\").trigger(\"submit\",[true]); }' \/> \n            <input type='hidden' class='gform_hidden' name='is_submit_13' value='1' \/>\n            <input type='hidden' class='gform_hidden' name='gform_submit' value='13' \/>\n            \n            <input type='hidden' class='gform_hidden' name='gform_unique_id' value='' \/>\n            <input type='hidden' class='gform_hidden' name='state_13' value='WyJ7XCI4LjFcIjpcIjQ1Y2ZmMjg4ODE4NTI0YjE5N2RjYTI0NTg3YTMwZTQ1XCIsXCI4LjJcIjpcIjA4MjJkYWJkODAxOWU2NDFiMzQ3ZjY4NGI4OTc3MWM1XCIsXCI4LjNcIjpcIjNjNWM2OTg1YjZlM2QxM2NlODJlNDg4MWQ3YTY5MjI3XCJ9IiwiOTRmY2RjNjdiM2ExYTBlYzA1MDMyMTQ2ZDI0ZjUxNDUiXQ==' \/>\n            <input type='hidden' class='gform_hidden' name='gform_target_page_number_13' id='gform_target_page_number_13' value='0' \/>\n            <input type='hidden' class='gform_hidden' name='gform_source_page_number_13' id='gform_source_page_number_13' value='1' \/>\n            <input type='hidden' name='gform_field_values' value='' \/>\n            \n        <\/div>\n                        <\/form>\n                        <\/div><script>\ngform.initializeOnLoaded( function() {gformInitSpinner( 13, 'https:\/\/www.exem.fr\/wp-content\/plugins\/gravityforms\/images\/spinner.svg', true );jQuery('#gform_ajax_frame_13').on('load',function(){var contents = jQuery(this).contents().find('*').html();var is_postback = contents.indexOf('GF_AJAX_POSTBACK') >= 0;if(!is_postback){return;}var form_content = jQuery(this).contents().find('#gform_wrapper_13');var is_confirmation = jQuery(this).contents().find('#gform_confirmation_wrapper_13').length > 0;var is_redirect = contents.indexOf('gformRedirect(){') >= 0;var is_form = form_content.length > 0 && ! is_redirect && ! is_confirmation;var mt = parseInt(jQuery('html').css('margin-top'), 10) + parseInt(jQuery('body').css('margin-top'), 10) + 100;if(is_form){jQuery('#gform_wrapper_13').html(form_content.html());if(form_content.hasClass('gform_validation_error')){jQuery('#gform_wrapper_13').addClass('gform_validation_error');} else {jQuery('#gform_wrapper_13').removeClass('gform_validation_error');}setTimeout( function() { \/* delay the scroll by 50 milliseconds to fix a bug in chrome *\/  }, 50 );if(window['gformInitDatepicker']) {gformInitDatepicker();}if(window['gformInitPriceFields']) {gformInitPriceFields();}var current_page = jQuery('#gform_source_page_number_13').val();gformInitSpinner( 13, 'https:\/\/www.exem.fr\/wp-content\/plugins\/gravityforms\/images\/spinner.svg', true );jQuery(document).trigger('gform_page_loaded', [13, current_page]);window['gf_submitting_13'] = false;}else if(!is_redirect){var confirmation_content = jQuery(this).contents().find('.GF_AJAX_POSTBACK').html();if(!confirmation_content){confirmation_content = contents;}setTimeout(function(){jQuery('#gform_wrapper_13').replaceWith(confirmation_content);jQuery(document).trigger('gform_confirmation_loaded', [13]);window['gf_submitting_13'] = false;wp.a11y.speak(jQuery('#gform_confirmation_message_13').text());}, 50);}else{jQuery('#gform_13').append(contents);if(window['gformRedirect']) {gformRedirect();}}jQuery(document).trigger('gform_post_render', [13, current_page]);gform.utils.trigger({ event: 'gform\/postRender', native: false, data: { formId: 13, currentPage: current_page } });} );} );\n<\/script>\n\n<\/div>\n\t\t<\/div>\n\t\t\t\t<\/div>\n\t\t\t\t<div class=\"elementor-element elementor-element-7b6164b2 elementor-widget elementor-widget-spacer\" data-id=\"7b6164b2\" data-element_type=\"widget\" data-widget_type=\"spacer.default\">\n\t\t\t\t<div class=\"elementor-widget-container\">\n\t\t\t\t\t<div class=\"elementor-spacer\">\n\t\t\t<div class=\"elementor-spacer-inner\"><\/div>\n\t\t<\/div>\n\t\t\t\t<\/div>\n\t\t\t\t<\/div>\n\t\t\t\t\t<\/div>\n\t\t<\/div>\n\t\t\t\t\t\t\t<\/div>\n\t\t<\/section>\n\t\t\t\t\t\t<\/footer>\n\t\t\t\t<\/div>\n\t\t\t\t<\/div>\n\t\t\t\t<\/div>\n\t\t\t\t\t<\/div>\n\t\t\t\t<\/div>\n\t\t<div class=\"elementor-element elementor-element-5cb3ca0e e-flex e-con-boxed e-con e-parent\" data-id=\"5cb3ca0e\" data-element_type=\"container\" data-settings=\"{&quot;content_width&quot;:&quot;boxed&quot;}\" data-core-v316-plus=\"true\">\n\t\t\t\t\t<div class=\"e-con-inner\">\n\t\t\t\t<div class=\"elementor-element elementor-element-6b39ec9c elementor-widget elementor-widget-spacer\" data-id=\"6b39ec9c\" data-element_type=\"widget\" data-widget_type=\"spacer.default\">\n\t\t\t\t<div class=\"elementor-widget-container\">\n\t\t\t\t\t<div class=\"elementor-spacer\">\n\t\t\t<div class=\"elementor-spacer-inner\"><\/div>\n\t\t<\/div>\n\t\t\t\t<\/div>\n\t\t\t\t<\/div>\n\t\t\t\t\t<\/div>\n\t\t\t\t<\/div>\n\t\t<div class=\"elementor-element elementor-element-49f220c2 e-flex e-con-boxed e-con e-parent\" data-id=\"49f220c2\" data-element_type=\"container\" data-settings=\"{&quot;content_width&quot;:&quot;boxed&quot;}\" data-core-v316-plus=\"true\">\n\t\t\t\t\t<div class=\"e-con-inner\">\n\t\t<div class=\"elementor-element elementor-element-246e7258 e-con-full e-flex e-con e-child\" data-id=\"246e7258\" data-element_type=\"container\" data-settings=\"{&quot;content_width&quot;:&quot;full&quot;}\">\n\t\t\t\t<\/div>\n\t\t<div class=\"elementor-element elementor-element-1445c6ef e-con-full e-flex e-con e-child\" data-id=\"1445c6ef\" data-element_type=\"container\" data-settings=\"{&quot;content_width&quot;:&quot;full&quot;}\">\n\t\t\t\t<\/div>\n\t\t\t\t\t<\/div>\n\t\t\t\t<\/div>\n\t\t\t\t\t\t\t<\/div>\n\t\t","protected":false},"excerpt":{"rendered":"<p>En un mundo cada vez m\u00e1s conectado, la exposici\u00f3n a las ondas electromagn\u00e9ticas suscita preocupaci\u00f3n por sus efectos sobre nuestra salud.<\/p>\n","protected":false},"author":7,"featured_media":47328,"comment_status":"closed","ping_status":"closed","sticky":false,"template":"","format":"standard","meta":{"_seopress_robots_primary_cat":"none","footnotes":""},"categories":[57,55],"tags":[],"acf":[],"_links":{"self":[{"href":"https:\/\/www.exem.fr\/es\/wp-json\/wp\/v2\/posts\/363474"}],"collection":[{"href":"https:\/\/www.exem.fr\/es\/wp-json\/wp\/v2\/posts"}],"about":[{"href":"https:\/\/www.exem.fr\/es\/wp-json\/wp\/v2\/types\/post"}],"author":[{"embeddable":true,"href":"https:\/\/www.exem.fr\/es\/wp-json\/wp\/v2\/users\/7"}],"replies":[{"embeddable":true,"href":"https:\/\/www.exem.fr\/es\/wp-json\/wp\/v2\/comments?post=363474"}],"version-history":[{"count":3,"href":"https:\/\/www.exem.fr\/es\/wp-json\/wp\/v2\/posts\/363474\/revisions"}],"predecessor-version":[{"id":363486,"href":"https:\/\/www.exem.fr\/es\/wp-json\/wp\/v2\/posts\/363474\/revisions\/363486"}],"wp:featuredmedia":[{"embeddable":true,"href":"https:\/\/www.exem.fr\/es\/wp-json\/wp\/v2\/media\/47328"}],"wp:attachment":[{"href":"https:\/\/www.exem.fr\/es\/wp-json\/wp\/v2\/media?parent=363474"}],"wp:term":[{"taxonomy":"category","embeddable":true,"href":"https:\/\/www.exem.fr\/es\/wp-json\/wp\/v2\/categories?post=363474"},{"taxonomy":"post_tag","embeddable":true,"href":"https:\/\/www.exem.fr\/es\/wp-json\/wp\/v2\/tags?post=363474"}],"curies":[{"name":"wp","href":"https:\/\/api.w.org\/{rel}","templated":true}]}}